{"id":2494,"date":"2023-09-07T15:30:57","date_gmt":"2023-09-07T15:30:57","guid":{"rendered":"http:\/\/femininumingenium.it\/csfi\/?p=2494"},"modified":"2023-09-17T16:59:05","modified_gmt":"2023-09-17T16:59:05","slug":"seminario-il-problema-della-modernita-interpretazioni-filosofiche-teologiche-e-politiche","status":"publish","type":"post","link":"https:\/\/femininumingenium.it\/csfi\/?p=2494","title":{"rendered":"Seminario \u2013 \u201cIl problema della modernit\u00e0: interpretazioni filosofiche, teologiche e politiche\u201d"},"content":{"rendered":"\n<p class=\"has-foreground-light-color has-text-color has-background\" style=\"background:linear-gradient(150deg,rgb(238,238,238) 39%,rgb(169,184,195) 100%)\">13 Settembre 2023 &#8211; dalle ore 14.00 alle ore 18.00<\/p>\n\n\n\n<p>Il Dipartimento di Scienze umane (DSU) dell\u2019Universit\u00e0 degli Studi \u201cGuglielmo Marconi\u201d, in collaborazione con la Facolt\u00e0 di Filosofia della Pontificia Universit\u00e0 Lateranense (PUL) e il Centro Studi Femininum Ingenium (CSFI), promuove un seminario sulle interpretazioni filosofiche, teologiche e politiche della modernit\u00e0.<\/p>\n\n\n\n<p>Nei lavori della giornata viene presentato un volume monografico di \u00abAquinas. Rivista internazionale di Filosofia\u00bb (1\/LXV, 2022), a cura di Leonardo Messinese, dal titolo \u201cIl Novecento e la Modernit\u00e0. Interpretazioni filosofiche\u201c.<\/p>\n\n\n\n<p class=\"has-foreground-light-color has-text-color\">Presentano una relazione: Marco Ivaldo (Universit\u00e0 degli Studi di Napoli \u201cFederico II), Riccardo Pozzo (Universit\u00e0 degli Studi di Roma \u201cTor Vergata\u201d), Paolo Armellini (Universit\u00e0 degli Studi di Roma \u201cLa Sapienza\u201d), Roberta Fidanzia (Presidente del Centro Studi Femininum Ingenium), Giorgio Fazio (Universit\u00e0 degli Studi di Roma \u201cLa Sapienza\u201d).<\/p>\n\n\n\n<p class=\"has-foreground-light-color has-text-color\">Partecipano al dibattito: Paloma Brook (Universit\u00e0 degli Studi \u201cGuglielmo Marconi\u201d), Sara Fortuna (Universit\u00e0 degli Studi \u201cGuglielmo Marconi\u201d), Maurizio Maione (Universit\u00e0 degli Studi \u201cGuglielmo Marconi\u201d), Francesco Maiolo (Universit\u00e0 degli Studi \u201cRoma Tre\u201d), Flavia Silli (Pontificia Universit\u00e0 Lateranense), Angelo Tumminelli (Universit\u00e0 Lumsa). Riflessioni introduttive: Andrea Gentile (Preside della Facolt\u00e0 di Lettere \u2013 Universit\u00e0 degli Studi \u201cGuglielmo Marconi\u201d). Riflessioni conclusive: Leonardo Messinese (Pontificia Universit\u00e0 Lateranense). Moderatore: Tommaso Valentini (Direttore del Dipartimento di Scienze Umane \u2013 Universit\u00e0 degli Studi \u201cGuglielmo Marconi\u201d).<\/p>\n\n\n\n<p class=\"has-foreground-light-color has-text-color\">Il seminario \u00e8 parte integrante dell\u2019attivit\u00e0 formativa del \u201cDottorato di ricerca in Scienze umane\u201d e del \u201cDottorato di Ricerca in Scienze giuridiche e politiche\u201d presso l\u2019Universit\u00e0 degli Studi \u201cGuglielmo Marconi\u201d.<\/p>\n\n\n\n<p class=\"has-foreground-light-color has-text-color\">Il seminario \u00e8 in presenza: Sala Giulio Cesare, Via Vittoria Colonna 11, Roma.<\/p>\n\n\n<p style=\"text-align: center;\"><span style=\"color: #ff99cc;\"><a style=\"color: #ff99cc;\" href=\"https:\/\/usgm.link\/problemamodernita\" target=\"_blank\" rel=\"noopener\">Il video dell&#8217;evento<\/a><\/span><\/p>\n\n\n\n\n<hr class=\"wp-block-separator has-alpha-channel-opacity\"\/>\n","protected":false},"excerpt":{"rendered":"<p>13 Settembre 2023 &#8211; dalle ore 14.00 alle ore 18.00 Il Dipartimento di Scienze umane (DSU) dell\u2019Universit\u00e0 degli Studi \u201cGuglielmo Marconi\u201d, in collaborazione con la Facolt\u00e0 di Filosofia della Pontificia Universit\u00e0 Lateranense (PUL) e il Centro Studi Femininum Ingenium (CSFI), promuove un seminario sulle interpretazioni filosofiche, teologiche e politiche della modernit\u00e0. Nei lavori della giornata<a class=\"more-link\" href=\"https:\/\/femininumingenium.it\/csfi\/?p=2494\">Continua a leggere <span class=\"screen-reader-text\">&#8220;Seminario \u2013 \u201cIl problema della modernit\u00e0: interpretazioni filosofiche, teologiche e politiche\u201d&#8221;<\/span><\/a><\/p>\n","protected":false},"author":1,"featured_media":2497,"comment_status":"closed","ping_status":"open","sticky":false,"template":"","format":"standard","meta":{"footnotes":""},"categories":[274,37],"tags":[389,21,64,18,390,388,131,392,391],"class_list":["post-2494","post","type-post","status-publish","format-standard","has-post-thumbnail","hentry","category-dal-csfi","category-notizie","tag-augustodelnoce","tag-donna","tag-femininumingenium","tag-femminile","tag-filosofiapolitica","tag-hannaharendt","tag-politica","tag-seminario","tag-unimarconi","entry"],"_links":{"self":[{"href":"https:\/\/femininumingenium.it\/csfi\/index.php?rest_route=\/wp\/v2\/posts\/2494","targetHints":{"allow":["GET"]}}],"collection":[{"href":"https:\/\/femininumingenium.it\/csfi\/index.php?rest_route=\/wp\/v2\/posts"}],"about":[{"href":"https:\/\/femininumingenium.it\/csfi\/index.php?rest_route=\/wp\/v2\/types\/post"}],"author":[{"embeddable":true,"href":"https:\/\/femininumingenium.it\/csfi\/index.php?rest_route=\/wp\/v2\/users\/1"}],"replies":[{"embeddable":true,"href":"https:\/\/femininumingenium.it\/csfi\/index.php?rest_route=%2Fwp%2Fv2%2Fcomments&post=2494"}],"version-history":[{"count":8,"href":"https:\/\/femininumingenium.it\/csfi\/index.php?rest_route=\/wp\/v2\/posts\/2494\/revisions"}],"predecessor-version":[{"id":2504,"href":"https:\/\/femininumingenium.it\/csfi\/index.php?rest_route=\/wp\/v2\/posts\/2494\/revisions\/2504"}],"wp:featuredmedia":[{"embeddable":true,"href":"https:\/\/femininumingenium.it\/csfi\/index.php?rest_route=\/wp\/v2\/media\/2497"}],"wp:attachment":[{"href":"https:\/\/femininumingenium.it\/csfi\/index.php?rest_route=%2Fwp%2Fv2%2Fmedia&parent=2494"}],"wp:term":[{"taxonomy":"category","embeddable":true,"href":"https:\/\/femininumingenium.it\/csfi\/index.php?rest_route=%2Fwp%2Fv2%2Fcategories&post=2494"},{"taxonomy":"post_tag","embeddable":true,"href":"https:\/\/femininumingenium.it\/csfi\/index.php?rest_route=%2Fwp%2Fv2%2Ftags&post=2494"}],"curies":[{"name":"wp","href":"https:\/\/api.w.org\/{rel}","templated":true}]}}