{"id":2422,"date":"2023-05-23T09:29:38","date_gmt":"2023-05-23T09:29:38","guid":{"rendered":"http:\/\/femininumingenium.it\/csfi\/?p=2422"},"modified":"2023-05-23T09:29:38","modified_gmt":"2023-05-23T09:29:38","slug":"dora-distria-195","status":"publish","type":"post","link":"https:\/\/femininumingenium.it\/csfi\/?p=2422","title":{"rendered":"Dora d&#8217;Istria &#8211; 195"},"content":{"rendered":"<p>Nel 2023 la bellissima citt\u00e0 di Timi\u015foara \u00e8 stata scelta come Capitale Europea della Cultura. Moltissime sono e saranno le attivit\u00e0 in calendario per questo importante riconoscimento.<\/p>\n<p>Tra queste, siamo onorati di partecipare al Convegno internazionale dedicato a <em>Dora d&#8217;Istria &#8211;<\/em> <span style=\"font-size: 1em; font-family: var(--font-base, Poppins, serif);\">195, che si svolger\u00e0 il prossimo 30 maggio 2023 presso l&#8217;Accademia di Romania &#8211; Filiale di Timi\u015foara. <\/span><\/p>\n<p>L&#8217;Anfiteatro festivo, luogo dell&#8217;evento principale, vedr\u00e0 la partecipazione e i saluti delle Autorit\u00e0 Acad. Dan Dubin\u0103 e Ambasciatore Italiano.<\/p>\n<p>Il Convegno, presieduto dal Prof. Ioan David, sar\u00e0 animato dalle relazioni di:<\/p>\n<p>Dott. Liviu BORDA\u0218 (Bucarest),\u00a0Dott.ssa Roberta Fidanzia (Roma),\u00a0Prof. univ. dr. Adrian Dinu Rachieru (Timi\u0219oara),\u00a0Prof.ssa Antonia Ida Fontana (Firenze), (Proiezione immagini: Victor Popa; commento: Viorica B\u0103lteanu),\u00a0Prof. Angelo Gambella (Roma),\u00a0Dr. Nina Ceranu (Timi\u015foara),\u00a0Prof. dr. Afrodita Carmen Cionchin (Timi\u0219oara),\u00a0Prof. univ. dr. Viorica B\u0103lteanu (Timi\u0219oara).<\/p>\n<p><img loading=\"lazy\" decoding=\"async\" class=\"aligncenter wp-image-2425 size-full\" src=\"http:\/\/femininumingenium.it\/csfi\/wp-content\/uploads\/2023\/05\/Timisoara2023.jpg\" alt=\"\" width=\"1516\" height=\"730\" srcset=\"https:\/\/femininumingenium.it\/csfi\/wp-content\/uploads\/2023\/05\/Timisoara2023.jpg 1516w, https:\/\/femininumingenium.it\/csfi\/wp-content\/uploads\/2023\/05\/Timisoara2023-300x144.jpg 300w, https:\/\/femininumingenium.it\/csfi\/wp-content\/uploads\/2023\/05\/Timisoara2023-1024x493.jpg 1024w, https:\/\/femininumingenium.it\/csfi\/wp-content\/uploads\/2023\/05\/Timisoara2023-768x370.jpg 768w\" sizes=\"auto, (max-width: 1516px) 100vw, 1516px\" \/><\/p>\n","protected":false},"excerpt":{"rendered":"<p>Nel 2023 la bellissima citt\u00e0 di Timi\u015foara \u00e8 stata scelta come Capitale Europea della Cultura. Moltissime sono e saranno le attivit\u00e0 in calendario per questo importante riconoscimento. Tra queste, siamo onorati di partecipare al Convegno internazionale dedicato a Dora d&#8217;Istria &#8211; 195, che si svolger\u00e0 il prossimo 30 maggio 2023 presso l&#8217;Accademia di Romania &#8211;<a class=\"more-link\" href=\"https:\/\/femininumingenium.it\/csfi\/?p=2422\">Continua a leggere <span class=\"screen-reader-text\">&#8220;Dora d&#8217;Istria &#8211; 195&#8221;<\/span><\/a><\/p>\n","protected":false},"author":1,"featured_media":2424,"comment_status":"closed","ping_status":"open","sticky":false,"template":"","format":"standard","meta":{"footnotes":""},"categories":[274,37],"tags":[371,372,64,18,376,326,69,373,144,374,145,375],"class_list":["post-2422","post","type-post","status-publish","format-standard","has-post-thumbnail","hentry","category-dal-csfi","category-notizie","tag-doradistria","tag-elenaghika","tag-femininumingenium","tag-femminile","tag-garibaldi","tag-manzoni","tag-ottocento","tag-risorgimento","tag-romania","tag-rosmini","tag-timisoara","tag-tommaseo","entry"],"_links":{"self":[{"href":"https:\/\/femininumingenium.it\/csfi\/index.php?rest_route=\/wp\/v2\/posts\/2422","targetHints":{"allow":["GET"]}}],"collection":[{"href":"https:\/\/femininumingenium.it\/csfi\/index.php?rest_route=\/wp\/v2\/posts"}],"about":[{"href":"https:\/\/femininumingenium.it\/csfi\/index.php?rest_route=\/wp\/v2\/types\/post"}],"author":[{"embeddable":true,"href":"https:\/\/femininumingenium.it\/csfi\/index.php?rest_route=\/wp\/v2\/users\/1"}],"replies":[{"embeddable":true,"href":"https:\/\/femininumingenium.it\/csfi\/index.php?rest_route=%2Fwp%2Fv2%2Fcomments&post=2422"}],"version-history":[{"count":3,"href":"https:\/\/femininumingenium.it\/csfi\/index.php?rest_route=\/wp\/v2\/posts\/2422\/revisions"}],"predecessor-version":[{"id":2427,"href":"https:\/\/femininumingenium.it\/csfi\/index.php?rest_route=\/wp\/v2\/posts\/2422\/revisions\/2427"}],"wp:featuredmedia":[{"embeddable":true,"href":"https:\/\/femininumingenium.it\/csfi\/index.php?rest_route=\/wp\/v2\/media\/2424"}],"wp:attachment":[{"href":"https:\/\/femininumingenium.it\/csfi\/index.php?rest_route=%2Fwp%2Fv2%2Fmedia&parent=2422"}],"wp:term":[{"taxonomy":"category","embeddable":true,"href":"https:\/\/femininumingenium.it\/csfi\/index.php?rest_route=%2Fwp%2Fv2%2Fcategories&post=2422"},{"taxonomy":"post_tag","embeddable":true,"href":"https:\/\/femininumingenium.it\/csfi\/index.php?rest_route=%2Fwp%2Fv2%2Ftags&post=2422"}],"curies":[{"name":"wp","href":"https:\/\/api.w.org\/{rel}","templated":true}]}}