{"id":2360,"date":"2023-03-23T10:31:20","date_gmt":"2023-03-23T10:31:20","guid":{"rendered":"http:\/\/femininumingenium.it\/csfi\/?p=2360"},"modified":"2023-12-01T08:13:32","modified_gmt":"2023-12-01T08:13:32","slug":"flores-memoriae","status":"publish","type":"post","link":"https:\/\/femininumingenium.it\/csfi\/?p=2360","title":{"rendered":"<I>Flores Memoriae<\/I>"},"content":{"rendered":"\n<p>Il Centro Studi Femininum Ingenium \u00e8 lieto di presentare <em>Flores Memoriae<\/em>, progetto scientifico per il recupero e la costruzione delle memorie femminili.<\/p>\n\n\n\n<p class=\"has-foreground-light-color has-text-color\">Questo nuovo progetto di ricerca nasce dalla volont\u00e0 di recuperare, custodire e trasmettere le \u2018piccole memorie\u2019, i ricordi familiari e le testimonianze, soprattutto quelle femminili. Sono, infatti, molto spesso le donne le custodi delle storie familiari, coloro che tramandano tradizioni e consuetudini, ricordi che a volte si trasformano in miti, altre fioriscono dagli archetipi ereditati da un lontano passato.<\/p>\n\n\n\n<p>Le donne hanno, naturalmente, abitato la storia dell\u2019umanit\u00e0 sin dalle origini, occupando molto spesso quel posto privilegiato accanto al focolare che ha permesso loro di farsi portatrici di verit\u00e0 e di narrazioni singole o familiari. Tutte insieme, queste narrazioni, possono contribuire a tessere un pregiato complemento dell\u2019arazzo principale \u2013 principale solo perch\u00e9 pi\u00f9 noto e investigato fino ad ora \u2013, integrandolo e ampliandolo, senza necessariamente sovrascriverlo.<\/p>\n\n\n\n<p class=\"has-foreground-light-color has-text-color\">Come sottolineava <strong>Luis Sep\u00falveda<\/strong>, <em>esiste uno stretto legame tra il passato, custodito dalla memoria, la comprensione del presente e, quindi, la costruzione del futuro<\/em>. La memoria \u00e8 l\u2019elemento fondante di ciascun essere umano ed \u00e8 una costruzione realizzata a partire da una costante interazione fra ricordi individuali e memoria collettiva.<\/p>\n\n\n\n<p class=\"has-foreground-light-color has-text-color\">Il progetto confluir\u00e0, dunque, in una nuova Collana, denominata appunto <em>Flores Memoriae<\/em>, che trae ispirazione dal <strong>piccolo fiore chiamato \u2018non ti scordar di me\u2019<\/strong>, il myosotis, un fiorellino quasi invisibile nei folti prati primaverili. Ad un\u2019osservazione attenta, per\u00f2, \u00e8 subito possibile rendersi conto che i prati ne sono ricolmi. I \u2018non ti scordar di me\u2019 costituiscono una fitta rete di sottofondo insieme all\u2019erba con la quale crescono e sbocciano in primavera, la cosiddetta <strong>\u2018erba dell\u2019amore\u2019<\/strong>, una piantina che cresce in basso, appartata e poco appariscente, in luoghi umidi e ombrosi. Questi piccoli fiori dal colore azzurro intenso, uno degli azzurri pi\u00f9 puri che si possa trovare in natura, simboleggiano la memoria delle persone care e degli affetti, il ricordo di chi \u00e8 lontano o di chi \u00e8 scomparso, un invito a non disperdere nell\u2019oblio sentimenti ed emozioni che costituiscono le relazioni oltre lo spazio e il tempo. <strong><em>Sono il simbolo del ricordo, dell\u2019amore e della speranza.<\/em><\/strong><\/p>\n\n\n\n<p class=\"has-foreground-light-color has-text-color\">Per queste motivazioni si \u00e8 scelto come logo della Collana <em>Flores Memoriae<\/em>, <strong>\u201ci fiori della memoria\u201d<\/strong>, il disegno di un rametto di \u2018non ti scordar di me\u2019, per eccellenza simbolo del valore della memoria. Come gli innumerevoli piccoli fiori che abitano i prati, <strong><em>innumerevoli sono le storie femminili non ancora raccontate <\/em><\/strong>che abitano il mondo e che possono essere trasmesse attraverso diari, riflessioni, racconti, romanzi ed anche attraverso l\u2019espressione poetica ed artistica.<\/p>\n\n\n\n<p class=\"has-foreground-light-color has-text-color\">Il progetto scientifico <em><strong>Flores Memoriae <\/strong><\/em>risponde all\u2019esigenza di conoscere e rafforzare l\u2019identit\u00e0 personale, familiare e dei popoli, intessendo relazioni importanti con gli antenati per proiettare i propri eredi nel futuro. Conoscere, preservare e condividere le storie di famiglia, in particolar modo quelle femminili, pu\u00f2 certamente essere di grande beneficio a singoli, famiglie e ad intere societ\u00e0.<\/p>\n\n\n\n<p class=\"has-foreground-light-color has-text-color\">La relazione, che \u00e8 esperienza del femminile, \u00e8 fondamentale sia in senso orizzontale, ovvero tra persone coesistenti, sia in senso verticale, ovvero come ponte e contatto con il passato, con chi \u00e8 vissuto prima, e come proiezione verso l\u2019orizzonte futuro.<\/p>\n\n\n\n<p class=\"has-foreground-light-color has-text-color\">Come scriveva l\u2019inglese <strong>Margaret Fairless Barber <\/strong>\u201c<em>Guardare indietro \u00e8 un po\u2019 come rinnovare i propri occhi, risanarli. Renderli pi\u00f9 adeguati alla loro funzione primaria, guardare avanti<a id=\"_ftnref1\" href=\"#_ftn1\"><strong><sup>[1]<\/sup><\/strong><\/a><\/em>\u201d.<\/p>\n\n\n\n<p class=\"has-foreground-light-color has-text-color\">Conoscere e tramandare la storia del passato consente di poter avere uno sguardo nuovo sul presente, poich\u00e9 permette \u2013attraverso l\u2019elaborazione di eventi personali calati nel seno degli avvenimenti storici trascorsi \u2013 di comprendere la realt\u00e0 ed agire in modo da tentare di evitare di ripetere gli errori commessi da altri in precedenza.<\/p>\n\n\n\n<p class=\"has-foreground-light-color has-text-color\">La storia familiare va oltre i nomi e le date presenti nell\u2019albero genealogico. Riguarda persone con le quali \u00e8 possibile intessere legami profondi, persone che hanno vissuto, sofferto e vinto. E che per questo motivo possono ancora avere qualcosa da dire. <em>Sono in particolare le donne le custodi delle memorie familiari, coloro che hanno particolarmente a cuore rami e radici e che si pongono nella posizione della mediazione tra passato e futuro.<\/em><\/p>\n\n\n\n<p class=\"has-foreground-light-color has-text-color\">Il progetto scientifico, attraverso la Collana <em>Flores Memoriae<\/em>, \u00e8 rivolto a chiunque desideri recuperare e tramandare la storia familiare, in chiave femminile e aderendo al metodo specifico del progetto, o rielaborare testi o documenti ereditati, poesie del passato ed ogni elemento che possa diventare <strong>testimonianza del femminile per il futuro<\/strong>.<\/p>\n\n\n\n<hr class=\"wp-block-separator has-alpha-channel-opacity\"\/>\n\n\n\n<p><a href=\"http:\/\/femininumingenium.it\/csfi\/?p=2551\" data-type=\"URL\" data-id=\"http:\/\/femininumingenium.it\/csfi\/?p=2551\" target=\"_blank\" rel=\"noreferrer noopener\">I Volumi della Collana<\/a><\/p>\n\n\n\n<p><\/p>\n\n\n\n<p><\/p>\n","protected":false},"excerpt":{"rendered":"<p>Il Centro Studi Femininum Ingenium \u00e8 lieto di presentare Flores Memoriae, progetto scientifico per il recupero e la costruzione delle memorie femminili. Questo nuovo progetto di ricerca nasce dalla volont\u00e0 di recuperare, custodire e trasmettere le \u2018piccole memorie\u2019, i ricordi familiari e le testimonianze, soprattutto quelle femminili. Sono, infatti, molto spesso le donne le custodi<a class=\"more-link\" href=\"https:\/\/femininumingenium.it\/csfi\/?p=2360\">Continua a leggere <span class=\"screen-reader-text\">&#8220;<I>Flores Memoriae<\/I>&#8220;<\/span><\/a><\/p>\n","protected":false},"author":1,"featured_media":2362,"comment_status":"closed","ping_status":"open","sticky":false,"template":"","format":"standard","meta":{"footnotes":""},"categories":[274,37],"tags":[64,18,343,108,342,22,344,345],"class_list":["post-2360","post","type-post","status-publish","format-standard","has-post-thumbnail","hentry","category-dal-csfi","category-notizie","tag-femininumingenium","tag-femminile","tag-floresmemoriae","tag-memoria","tag-nontiscordadime","tag-storia","tag-storiedifamiglia","tag-testimonianze","entry"],"_links":{"self":[{"href":"https:\/\/femininumingenium.it\/csfi\/index.php?rest_route=\/wp\/v2\/posts\/2360","targetHints":{"allow":["GET"]}}],"collection":[{"href":"https:\/\/femininumingenium.it\/csfi\/index.php?rest_route=\/wp\/v2\/posts"}],"about":[{"href":"https:\/\/femininumingenium.it\/csfi\/index.php?rest_route=\/wp\/v2\/types\/post"}],"author":[{"embeddable":true,"href":"https:\/\/femininumingenium.it\/csfi\/index.php?rest_route=\/wp\/v2\/users\/1"}],"replies":[{"embeddable":true,"href":"https:\/\/femininumingenium.it\/csfi\/index.php?rest_route=%2Fwp%2Fv2%2Fcomments&post=2360"}],"version-history":[{"count":3,"href":"https:\/\/femininumingenium.it\/csfi\/index.php?rest_route=\/wp\/v2\/posts\/2360\/revisions"}],"predecessor-version":[{"id":2556,"href":"https:\/\/femininumingenium.it\/csfi\/index.php?rest_route=\/wp\/v2\/posts\/2360\/revisions\/2556"}],"wp:featuredmedia":[{"embeddable":true,"href":"https:\/\/femininumingenium.it\/csfi\/index.php?rest_route=\/wp\/v2\/media\/2362"}],"wp:attachment":[{"href":"https:\/\/femininumingenium.it\/csfi\/index.php?rest_route=%2Fwp%2Fv2%2Fmedia&parent=2360"}],"wp:term":[{"taxonomy":"category","embeddable":true,"href":"https:\/\/femininumingenium.it\/csfi\/index.php?rest_route=%2Fwp%2Fv2%2Fcategories&post=2360"},{"taxonomy":"post_tag","embeddable":true,"href":"https:\/\/femininumingenium.it\/csfi\/index.php?rest_route=%2Fwp%2Fv2%2Ftags&post=2360"}],"curies":[{"name":"wp","href":"https:\/\/api.w.org\/{rel}","templated":true}]}}